{"id":15514,"date":"2025-11-10T12:58:19","date_gmt":"2025-11-10T18:58:19","guid":{"rendered":"https:\/\/monteescobedo.gob.mx\/?p=15514"},"modified":"2025-11-11T13:06:28","modified_gmt":"2025-11-11T19:06:28","slug":"unidad-de-mastografias-en-monte-escobedo","status":"publish","type":"post","link":"http:\/\/monteescobedo.gob.mx\/?p=15514","title":{"rendered":"Unidad de mastograf\u00edas en Monte Escobedo."},"content":{"rendered":"\n<p><strong><em>Monte Escobedo, Zac.-<\/em><\/strong> El DIF Municipal y el <a href=\"https:\/\/www.facebook.com\/montegobzac?__cft__[0]=AZUY_UKYcdLneYtMCWFZ0I3DEiw5b8g19-L2yYPFcBjz0t-5dxov2UbBIdeb8ZQhjdBVzxtp0_3WquNtNcgvE_BSwGcDb2EVfgSA4-G_I4o2Sl0TSe03p-_FRYwJAwstvUl5xrB64GgnuaFxa2TrhAG9ee_8BfVNYRXXxzryIvdqXV5VoE07JVQqStgx7lqJoaU&amp;__tn__=-]K-R\">Ayuntamiento de Monte Escobedo, Zac.<\/a> en coordinaci\u00f3n con la <a href=\"https:\/\/www.facebook.com\/ZacSSZ?__cft__[0]=AZUY_UKYcdLneYtMCWFZ0I3DEiw5b8g19-L2yYPFcBjz0t-5dxov2UbBIdeb8ZQhjdBVzxtp0_3WquNtNcgvE_BSwGcDb2EVfgSA4-G_I4o2Sl0TSe03p-_FRYwJAwstvUl5xrB64GgnuaFxa2TrhAG9ee_8BfVNYRXXxzryIvdqXV5VoE07JVQqStgx7lqJoaU&amp;__tn__=-]K-R\">Secretar\u00eda de Salud de Zacatecas<\/a> por segundo a\u00f1o consecutivo, tuvieron a bien en acercar a la poblaci\u00f3n de nuestro municipio la unidad m\u00f3vil de mastograf\u00edas.<\/p>\n\n\n\n<p>El acto, estuvo encabezado por la Sra. Maribel Cabral Villarreal, presidenta honor\u00edfica del DIF Municipal, as\u00ed como por el alcalde Manuel Acosta Galv\u00e1n, la s\u00edndica municipal Mar\u00eda del Carmen S\u00e1nchez Carlos, Adriana Lisbet Sol\u00eds Soto, regidora del ayuntamiento y Lluvisela Janet Mart\u00ednez S\u00e1nchez, directora del SMDIF.<\/p>\n\n\n\n<p>La Sra. Maribel, destac\u00f3 la gesti\u00f3n de este apoyo para contribuir a la salud de las mujeres de <a href=\"https:\/\/www.facebook.com\/hashtag\/monteescobedo?__eep__=6&amp;__cft__[0]=AZUY_UKYcdLneYtMCWFZ0I3DEiw5b8g19-L2yYPFcBjz0t-5dxov2UbBIdeb8ZQhjdBVzxtp0_3WquNtNcgvE_BSwGcDb2EVfgSA4-G_I4o2Sl0TSe03p-_FRYwJAwstvUl5xrB64GgnuaFxa2TrhAG9ee_8BfVNYRXXxzryIvdqXV5VoE07JVQqStgx7lqJoaU&amp;__tn__=*NK-R\">#MonteEscobedo<\/a>, quienes de manera gratuita acceden a este importante examen, generando adem\u00e1s la cultura de la exploraci\u00f3n a tiempo, pues el c\u00e1ncer de mama es tratable si se detecta temprano.<\/p>\n\n\n<div class=\"wp-block-image\">\n<figure class=\"aligncenter size-large is-resized\"><img decoding=\"async\" loading=\"lazy\" src=\"http:\/\/monteescobedo.gob.mx\/wp-content\/uploads\/2025\/11\/masto-2-840x560.jpg\" alt=\"\" class=\"wp-image-15516\" width=\"630\" height=\"420\" srcset=\"http:\/\/monteescobedo.gob.mx\/wp-content\/uploads\/2025\/11\/masto-2-840x560.jpg 840w, http:\/\/monteescobedo.gob.mx\/wp-content\/uploads\/2025\/11\/masto-2-547x365.jpg 547w, http:\/\/monteescobedo.gob.mx\/wp-content\/uploads\/2025\/11\/masto-2-768x512.jpg 768w, http:\/\/monteescobedo.gob.mx\/wp-content\/uploads\/2025\/11\/masto-2-1536x1025.jpg 1536w, http:\/\/monteescobedo.gob.mx\/wp-content\/uploads\/2025\/11\/masto-2.jpg 2048w\" sizes=\"(max-width: 630px) 100vw, 630px\" \/><\/figure><\/div>\n\n\n<p class=\"has-text-align-center\"><strong><em>\u00a1Por la salud de quienes queremos, seguimos trabajando <a href=\"https:\/\/www.facebook.com\/hashtag\/conm%C3%A1samorpormonteescobedo?__eep__=6&amp;__cft__[0]=AZUY_UKYcdLneYtMCWFZ0I3DEiw5b8g19-L2yYPFcBjz0t-5dxov2UbBIdeb8ZQhjdBVzxtp0_3WquNtNcgvE_BSwGcDb2EVfgSA4-G_I4o2Sl0TSe03p-_FRYwJAwstvUl5xrB64GgnuaFxa2TrhAG9ee_8BfVNYRXXxzryIvdqXV5VoE07JVQqStgx7lqJoaU&amp;__tn__=*NK-R\">#ConM\u00e1sAmorPorMonteEscobedo<\/a>!<\/em><\/strong><\/p>\n","protected":false},"excerpt":{"rendered":"<p>Monte Escobedo, Zac.- El DIF Municipal y el Ayuntamiento de Monte Escobedo, Zac. en coordinaci\u00f3n con la Secretar\u00eda de Salud de Zacatecas por segundo a\u00f1o consecutivo, tuvieron a bien en acercar a la poblaci\u00f3n.<\/p>\n","protected":false},"author":3,"featured_media":15515,"comment_status":"closed","ping_status":"closed","sticky":false,"template":"","format":"standard","meta":[],"categories":[1],"tags":[106],"_links":{"self":[{"href":"http:\/\/monteescobedo.gob.mx\/index.php?rest_route=\/wp\/v2\/posts\/15514"}],"collection":[{"href":"http:\/\/monteescobedo.gob.mx\/index.php?rest_route=\/wp\/v2\/posts"}],"about":[{"href":"http:\/\/monteescobedo.gob.mx\/index.php?rest_route=\/wp\/v2\/types\/post"}],"author":[{"embeddable":true,"href":"http:\/\/monteescobedo.gob.mx\/index.php?rest_route=\/wp\/v2\/users\/3"}],"replies":[{"embeddable":true,"href":"http:\/\/monteescobedo.gob.mx\/index.php?rest_route=%2Fwp%2Fv2%2Fcomments&post=15514"}],"version-history":[{"count":1,"href":"http:\/\/monteescobedo.gob.mx\/index.php?rest_route=\/wp\/v2\/posts\/15514\/revisions"}],"predecessor-version":[{"id":15517,"href":"http:\/\/monteescobedo.gob.mx\/index.php?rest_route=\/wp\/v2\/posts\/15514\/revisions\/15517"}],"wp:featuredmedia":[{"embeddable":true,"href":"http:\/\/monteescobedo.gob.mx\/index.php?rest_route=\/wp\/v2\/media\/15515"}],"wp:attachment":[{"href":"http:\/\/monteescobedo.gob.mx\/index.php?rest_route=%2Fwp%2Fv2%2Fmedia&parent=15514"}],"wp:term":[{"taxonomy":"category","embeddable":true,"href":"http:\/\/monteescobedo.gob.mx\/index.php?rest_route=%2Fwp%2Fv2%2Fcategories&post=15514"},{"taxonomy":"post_tag","embeddable":true,"href":"http:\/\/monteescobedo.gob.mx\/index.php?rest_route=%2Fwp%2Fv2%2Ftags&post=15514"}],"curies":[{"name":"wp","href":"https:\/\/api.w.org\/{rel}","templated":true}]}}