{"id":15690,"date":"2026-04-20T13:34:57","date_gmt":"2026-04-20T18:34:57","guid":{"rendered":"http:\/\/monteescobedo.gob.mx\/?p=15690"},"modified":"2026-04-27T13:39:09","modified_gmt":"2026-04-27T18:39:09","slug":"entrega-gobierno-municipal-banos-en-panteon-del-refugio","status":"publish","type":"post","link":"https:\/\/monteescobedo.gob.mx\/?p=15690","title":{"rendered":"Entrega gobierno municipal, ba\u00f1os en Pante\u00f3n del Refugio."},"content":{"rendered":"\n<p><strong><em>Monte Escobedo, Zac.-<\/em><\/strong> El presidente municipal, Ing. Manuel Acosta Galv\u00e1n, realiz\u00f3 la entrega e inauguraci\u00f3n de la construcci\u00f3n de ba\u00f1os p\u00fablicos y descanso de concreto en el Pante\u00f3n del Refugio, en <a href=\"https:\/\/www.facebook.com\/hashtag\/monteescobedo?__cft__[0]=AZZ1iADYDId7QOOhLtjxspApbkVy8y5DsitpqFl0G8lojJ-KodY5VR_BzOS7SPQIczlblIKNS75rR-j1l40kOAQF8XZbaT6eG0qNdFHBCYa0tBeEy2G7k0JFV7bjWXIYzBreKie24y2paRoxNEzeH0Fy&amp;__tn__=*NK-R\">#MonteEscobedo<\/a>.<\/p>\n\n\n\n<p>El alcalde, estuvo acompa\u00f1ado por el Pbro. Ignacio Torres S\u00e1nchez, p\u00e1rroco de la <a href=\"https:\/\/www.facebook.com\/profile.php?id=100087507879849&amp;__cft__[0]=AZZ1iADYDId7QOOhLtjxspApbkVy8y5DsitpqFl0G8lojJ-KodY5VR_BzOS7SPQIczlblIKNS75rR-j1l40kOAQF8XZbaT6eG0qNdFHBCYa0tBeEy2G7k0JFV7bjWXIYzBreKie24y2paRoxNEzeH0Fy&amp;__tn__=-]K-R\">Parroquia de la Inmaculada Concepci\u00f3n AR Monte Escobedo, Zac.<\/a>, Mar\u00eda del Carmen S\u00e1nchez Carlos, s\u00edndica municipal, Maribel Cabral Villarreal, presidenta honor\u00edfica del SMDIF, directores de \u00e1rea del gobierno municipal que ejercieron la obra, as\u00ed como ciudadan\u00eda en general.<\/p>\n\n\n\n<p>A trav\u00e9s de esta significativa obra, se pretende dar el servicio sanitario a quien visite el cementerio p\u00fablico, construyendo adem\u00e1s un espacio para la celebraci\u00f3n de la eucarist\u00eda cuando as\u00ed se requiera. Para concluir, el Pbro. Ignacio, realiz\u00f3 la bendici\u00f3n de los trabajos realizados.<\/p>\n\n\n<div class=\"wp-block-image\">\n<figure class=\"aligncenter size-large is-resized\"><img decoding=\"async\" loading=\"lazy\" src=\"http:\/\/monteescobedo.gob.mx\/wp-content\/uploads\/2026\/04\/banos-2-840x560.jpg\" alt=\"\" class=\"wp-image-15692\" width=\"630\" height=\"420\" srcset=\"https:\/\/monteescobedo.gob.mx\/wp-content\/uploads\/2026\/04\/banos-2-840x560.jpg 840w, https:\/\/monteescobedo.gob.mx\/wp-content\/uploads\/2026\/04\/banos-2-547x365.jpg 547w, https:\/\/monteescobedo.gob.mx\/wp-content\/uploads\/2026\/04\/banos-2-768x512.jpg 768w, https:\/\/monteescobedo.gob.mx\/wp-content\/uploads\/2026\/04\/banos-2-1536x1025.jpg 1536w, https:\/\/monteescobedo.gob.mx\/wp-content\/uploads\/2026\/04\/banos-2.jpg 2048w\" sizes=\"(max-width: 630px) 100vw, 630px\" \/><\/figure><\/div>\n\n\n<p>\ud835\udc08\ud835\udc27\ud835\udc2f\ud835\udc22\ud835\udc2d\ud835\udc1a\ud835\udc26\ud835\udc28\ud835\udc2c \ud835\udc1a \ud835\udc25\ud835\udc1a \ud835\udc1c\ud835\udc22\ud835\udc2e\ud835\udc1d\ud835\udc1a\ud835\udc1d\ud835\udc1a\ud835\udc27\ud835\udc22\u0301\ud835\udc1a \ud835\udc1a \ud835\udc2e\ud835\udc2d\ud835\udc22\ud835\udc25\ud835\udc22\ud835\udc33\ud835\udc1a\ud835\udc2b \ud835\udc1c\ud835\udc28\ud835\udc27 \ud835\udc2b\ud835\udc1e\ud835\udc2c\ud835\udc29\ud835\udc28\ud835\udc27\ud835\udc2c\ud835\udc1a\ud835\udc1b\ud835\udc22\ud835\udc25\ud835\udc22\ud835\udc1d\ud835\udc1a\ud835\udc1d \ud835\udc32 \ud835\udc2b\ud835\udc1e\ud835\udc2c\ud835\udc29\ud835\udc1e\ud835\udc2d\ud835\udc28 \ud835\udc1e\ud835\udc2c\ud835\udc2d\ud835\udc1e \ud835\udc2c\ud835\udc1e\ud835\udc2b\ud835\udc2f\ud835\udc22\ud835\udc1c\ud835\udc22\ud835\udc28, \ud835\udc2a\ud835\udc2e\ud835\udc1e \ud835\udc1e\ud835\udc2c\ud835\udc2d\ud835\udc1a\ud835\udc2b\ud835\udc1a\u0301 \ud835\udc26\ud835\udc28\ud835\udc27\ud835\udc22\ud835\udc2d\ud835\udc28\ud835\udc2b\ud835\udc1e\ud835\udc1a\ud835\udc1d\ud835\udc28 \ud835\udc29\ud835\udc28\ud835\udc2b \ud835\udc25\ud835\udc1a \ud835\udc03\ud835\udc22\ud835\udc2b\ud835\udc1e\ud835\udc1c\ud835\udc1c\ud835\udc22\ud835\udc28\u0301\ud835\udc27 \ud835\udc1d\ud835\udc1e \ud835\udc0e\ud835\udc1b\ud835\udc2b\ud835\udc1a\ud835\udc2c \ud835\udc0f\ud835\udc2e\u0301\ud835\udc1b\ud835\udc25\ud835\udc22\ud835\udc1c\ud835\udc1a\ud835\udc2c.<\/p>\n","protected":false},"excerpt":{"rendered":"<p>Monte Escobedo, Zac.- El presidente municipal, Ing. Manuel Acosta Galv\u00e1n, realiz\u00f3 la entrega e inauguraci\u00f3n de la construcci\u00f3n de ba\u00f1os p\u00fablicos y descanso de concreto en el Pante\u00f3n del Refugio.<\/p>\n","protected":false},"author":3,"featured_media":15691,"comment_status":"closed","ping_status":"closed","sticky":false,"template":"","format":"standard","meta":[],"categories":[1],"tags":[113],"_links":{"self":[{"href":"https:\/\/monteescobedo.gob.mx\/index.php?rest_route=\/wp\/v2\/posts\/15690"}],"collection":[{"href":"https:\/\/monteescobedo.gob.mx\/index.php?rest_route=\/wp\/v2\/posts"}],"about":[{"href":"https:\/\/monteescobedo.gob.mx\/index.php?rest_route=\/wp\/v2\/types\/post"}],"author":[{"embeddable":true,"href":"https:\/\/monteescobedo.gob.mx\/index.php?rest_route=\/wp\/v2\/users\/3"}],"replies":[{"embeddable":true,"href":"https:\/\/monteescobedo.gob.mx\/index.php?rest_route=%2Fwp%2Fv2%2Fcomments&post=15690"}],"version-history":[{"count":1,"href":"https:\/\/monteescobedo.gob.mx\/index.php?rest_route=\/wp\/v2\/posts\/15690\/revisions"}],"predecessor-version":[{"id":15693,"href":"https:\/\/monteescobedo.gob.mx\/index.php?rest_route=\/wp\/v2\/posts\/15690\/revisions\/15693"}],"wp:featuredmedia":[{"embeddable":true,"href":"https:\/\/monteescobedo.gob.mx\/index.php?rest_route=\/wp\/v2\/media\/15691"}],"wp:attachment":[{"href":"https:\/\/monteescobedo.gob.mx\/index.php?rest_route=%2Fwp%2Fv2%2Fmedia&parent=15690"}],"wp:term":[{"taxonomy":"category","embeddable":true,"href":"https:\/\/monteescobedo.gob.mx\/index.php?rest_route=%2Fwp%2Fv2%2Fcategories&post=15690"},{"taxonomy":"post_tag","embeddable":true,"href":"https:\/\/monteescobedo.gob.mx\/index.php?rest_route=%2Fwp%2Fv2%2Ftags&post=15690"}],"curies":[{"name":"wp","href":"https:\/\/api.w.org\/{rel}","templated":true}]}}