{"id":15697,"date":"2026-04-22T13:48:07","date_gmt":"2026-04-22T18:48:07","guid":{"rendered":"http:\/\/monteescobedo.gob.mx\/?p=15697"},"modified":"2026-04-27T13:51:13","modified_gmt":"2026-04-27T18:51:13","slug":"pavimentacion-de-la-calle-juan-reyes-antuna-en-cabecera-municipal","status":"publish","type":"post","link":"https:\/\/monteescobedo.gob.mx\/?p=15697","title":{"rendered":"Pavimentaci\u00f3n de la calle Juan Reyes Antuna en cabecera municipal."},"content":{"rendered":"\n<p><strong><em>Monte Escobedo, Zac.-<\/em><\/strong> El gobierno que encabeza el alcalde Manuel Acosta Galv\u00e1n, hizo entrega de 660 m2 pavimentaci\u00f3n y construcci\u00f3n de banquetas y guarniciones en la calle Juan Reyes Antuna de la cabecera municipal.<\/p>\n\n\n\n<p>En el tradicional corte de list\u00f3n, los vecinos de la calle agradecieron al presidente municipal y a su equipo por la realizaci\u00f3n de esta obra que, seg\u00fan mencionaron, era de gran necesidad y que fue atendida a trav\u00e9s de la Direcci\u00f3n de Obras P\u00fablicas.<\/p>\n\n\n\n<figure class=\"wp-block-image size-large\"><img decoding=\"async\" loading=\"lazy\" width=\"840\" height=\"560\" src=\"http:\/\/monteescobedo.gob.mx\/wp-content\/uploads\/2026\/04\/Calle-chispas-2-840x560.jpg\" alt=\"\" class=\"wp-image-15699\" srcset=\"https:\/\/monteescobedo.gob.mx\/wp-content\/uploads\/2026\/04\/Calle-chispas-2-840x560.jpg 840w, https:\/\/monteescobedo.gob.mx\/wp-content\/uploads\/2026\/04\/Calle-chispas-2-547x365.jpg 547w, https:\/\/monteescobedo.gob.mx\/wp-content\/uploads\/2026\/04\/Calle-chispas-2-768x512.jpg 768w, https:\/\/monteescobedo.gob.mx\/wp-content\/uploads\/2026\/04\/Calle-chispas-2-1536x1025.jpg 1536w, https:\/\/monteescobedo.gob.mx\/wp-content\/uploads\/2026\/04\/Calle-chispas-2.jpg 2048w\" sizes=\"(max-width: 840px) 100vw, 840px\" \/><\/figure>\n\n\n\n<p class=\"has-text-align-center\">\u00a1\ud835\udc12\ud835\udc1e\ud835\udc20\ud835\udc2e\ud835\udc22\ud835\udc26\ud835\udc28\ud835\udc2c \ud835\udc1a\ud835\udc2f\ud835\udc1a\ud835\udc27\ud835\udc33\ud835\udc1a\ud835\udc27\ud835\udc1d\ud835\udc28 \ud835\udc1c\ud835\udc28\ud835\udc27 \ud835\udc2b\ud835\udc1e\ud835\udc2c\ud835\udc2e\ud835\udc25\ud835\udc2d\ud835\udc1a\ud835\udc1d\ud835\udc28\ud835\udc2c, \ud835\udc1c\ud835\udc28\ud835\udc26\ud835\udc29\ud835\udc2b\ud835\udc28\ud835\udc26\ud835\udc1e\ud835\udc2d\ud835\udc22\ud835\udc1d\ud835\udc28\ud835\udc2c \ud835\udc29\ud835\udc28\ud835\udc2b \ud835\udc2e\ud835\udc27 <a href=\"https:\/\/www.facebook.com\/hashtag\/monteescobedo?__cft__[0]=AZaTfnRpFYAJKA3ioCT_My9ADTSYou2YMOG05jaFhQwm-ra45No8OTZHxA8qOHEfPzDjiBH7PQ-8nS7VQFmCs1xcbqAHUxhFXU5b7CRlJpgKk7YVFayMoXNEaD8dUeZzFXUknZbozmsXb6MJ2debdUrf&amp;__tn__=*NK-R\">#MonteEscobedo<\/a> \ud835\udc26\ud835\udc1e\ud835\udc23\ud835\udc28\ud835\udc2b!<\/p>\n","protected":false},"excerpt":{"rendered":"<p>Monte Escobedo, Zac.- El gobierno que encabeza el alcalde Manuel Acosta Galv\u00e1n, hizo entrega de 660 m2 pavimentaci\u00f3n y construcci\u00f3n de banquetas y guarniciones en la calle Juan Reyes Antuna<\/p>\n","protected":false},"author":3,"featured_media":15698,"comment_status":"closed","ping_status":"closed","sticky":false,"template":"","format":"standard","meta":[],"categories":[1],"tags":[113],"_links":{"self":[{"href":"https:\/\/monteescobedo.gob.mx\/index.php?rest_route=\/wp\/v2\/posts\/15697"}],"collection":[{"href":"https:\/\/monteescobedo.gob.mx\/index.php?rest_route=\/wp\/v2\/posts"}],"about":[{"href":"https:\/\/monteescobedo.gob.mx\/index.php?rest_route=\/wp\/v2\/types\/post"}],"author":[{"embeddable":true,"href":"https:\/\/monteescobedo.gob.mx\/index.php?rest_route=\/wp\/v2\/users\/3"}],"replies":[{"embeddable":true,"href":"https:\/\/monteescobedo.gob.mx\/index.php?rest_route=%2Fwp%2Fv2%2Fcomments&post=15697"}],"version-history":[{"count":1,"href":"https:\/\/monteescobedo.gob.mx\/index.php?rest_route=\/wp\/v2\/posts\/15697\/revisions"}],"predecessor-version":[{"id":15700,"href":"https:\/\/monteescobedo.gob.mx\/index.php?rest_route=\/wp\/v2\/posts\/15697\/revisions\/15700"}],"wp:featuredmedia":[{"embeddable":true,"href":"https:\/\/monteescobedo.gob.mx\/index.php?rest_route=\/wp\/v2\/media\/15698"}],"wp:attachment":[{"href":"https:\/\/monteescobedo.gob.mx\/index.php?rest_route=%2Fwp%2Fv2%2Fmedia&parent=15697"}],"wp:term":[{"taxonomy":"category","embeddable":true,"href":"https:\/\/monteescobedo.gob.mx\/index.php?rest_route=%2Fwp%2Fv2%2Fcategories&post=15697"},{"taxonomy":"post_tag","embeddable":true,"href":"https:\/\/monteescobedo.gob.mx\/index.php?rest_route=%2Fwp%2Fv2%2Ftags&post=15697"}],"curies":[{"name":"wp","href":"https:\/\/api.w.org\/{rel}","templated":true}]}}