{"id":15707,"date":"2026-04-27T13:32:29","date_gmt":"2026-04-27T18:32:29","guid":{"rendered":"http:\/\/monteescobedo.gob.mx\/?p=15707"},"modified":"2026-04-29T13:34:51","modified_gmt":"2026-04-29T18:34:51","slug":"lazarito-llega-a-monte-escobedo","status":"publish","type":"post","link":"https:\/\/monteescobedo.gob.mx\/?p=15707","title":{"rendered":"Lazarito llega a Monte Escobedo."},"content":{"rendered":"\n<p><strong><em>Monte Escobedo, Zac.-<\/em><\/strong> El DIF Municipal, en coordinaci\u00f3n con el Instituto para la Inclusi\u00f3n de las Personas con Discapacidad del Estado de <a href=\"https:\/\/www.facebook.com\/hashtag\/zacatecas?__cft__[0]=AZbYgQeLgwqTZqvMqeY4FM0yg8_W0CfSp8Lu96vZUUO5QPnS5O75ob2XrahTaroy_hgDpqhpf0Sj8-y3WYVyNZQWRJ3b60tmoaQYNP55z_7qxzbmD1FQvg0KGFAxfxkyL4iaQ7j0j6h0xJ0LMAJiVnI5&amp;__tn__=*NK-R\">#Zacatecas<\/a>, presentaron a la ni\u00f1ez monteescobedense a <a href=\"https:\/\/www.facebook.com\/hashtag\/lazarito?__cft__[0]=AZbYgQeLgwqTZqvMqeY4FM0yg8_W0CfSp8Lu96vZUUO5QPnS5O75ob2XrahTaroy_hgDpqhpf0Sj8-y3WYVyNZQWRJ3b60tmoaQYNP55z_7qxzbmD1FQvg0KGFAxfxkyL4iaQ7j0j6h0xJ0LMAJiVnI5&amp;__tn__=*NK-R\">#Lazarito<\/a>.<\/p>\n\n\n<div class=\"wp-block-image\">\n<figure class=\"aligncenter size-large is-resized\"><img decoding=\"async\" loading=\"lazy\" src=\"http:\/\/monteescobedo.gob.mx\/wp-content\/uploads\/2026\/04\/Lazarito-2-840x560.jpg\" alt=\"\" class=\"wp-image-15710\" width=\"630\" height=\"420\" srcset=\"https:\/\/monteescobedo.gob.mx\/wp-content\/uploads\/2026\/04\/Lazarito-2-840x560.jpg 840w, https:\/\/monteescobedo.gob.mx\/wp-content\/uploads\/2026\/04\/Lazarito-2-547x365.jpg 547w, https:\/\/monteescobedo.gob.mx\/wp-content\/uploads\/2026\/04\/Lazarito-2-768x512.jpg 768w, https:\/\/monteescobedo.gob.mx\/wp-content\/uploads\/2026\/04\/Lazarito-2-1536x1025.jpg 1536w, https:\/\/monteescobedo.gob.mx\/wp-content\/uploads\/2026\/04\/Lazarito-2.jpg 2048w\" sizes=\"(max-width: 630px) 100vw, 630px\" \/><\/figure><\/div>\n\n\n<p>Este es un proyecto que pretende sensibilizar a las nuevas generaciones en promover la inclusi\u00f3n e igualdad de oportunidades, generando adem\u00e1s conciencia sobre la atenci\u00f3n a las personas con discapacidad.<\/p>\n","protected":false},"excerpt":{"rendered":"<p>Monte Escobedo, Zac.- El DIF Municipal, en coordinaci\u00f3n con el Instituto para la Inclusi\u00f3n de las Personas con Discapacidad del Estado.<\/p>\n","protected":false},"author":3,"featured_media":15709,"comment_status":"closed","ping_status":"closed","sticky":false,"template":"","format":"standard","meta":[],"categories":[1],"tags":[106],"_links":{"self":[{"href":"https:\/\/monteescobedo.gob.mx\/index.php?rest_route=\/wp\/v2\/posts\/15707"}],"collection":[{"href":"https:\/\/monteescobedo.gob.mx\/index.php?rest_route=\/wp\/v2\/posts"}],"about":[{"href":"https:\/\/monteescobedo.gob.mx\/index.php?rest_route=\/wp\/v2\/types\/post"}],"author":[{"embeddable":true,"href":"https:\/\/monteescobedo.gob.mx\/index.php?rest_route=\/wp\/v2\/users\/3"}],"replies":[{"embeddable":true,"href":"https:\/\/monteescobedo.gob.mx\/index.php?rest_route=%2Fwp%2Fv2%2Fcomments&post=15707"}],"version-history":[{"count":1,"href":"https:\/\/monteescobedo.gob.mx\/index.php?rest_route=\/wp\/v2\/posts\/15707\/revisions"}],"predecessor-version":[{"id":15711,"href":"https:\/\/monteescobedo.gob.mx\/index.php?rest_route=\/wp\/v2\/posts\/15707\/revisions\/15711"}],"wp:featuredmedia":[{"embeddable":true,"href":"https:\/\/monteescobedo.gob.mx\/index.php?rest_route=\/wp\/v2\/media\/15709"}],"wp:attachment":[{"href":"https:\/\/monteescobedo.gob.mx\/index.php?rest_route=%2Fwp%2Fv2%2Fmedia&parent=15707"}],"wp:term":[{"taxonomy":"category","embeddable":true,"href":"https:\/\/monteescobedo.gob.mx\/index.php?rest_route=%2Fwp%2Fv2%2Fcategories&post=15707"},{"taxonomy":"post_tag","embeddable":true,"href":"https:\/\/monteescobedo.gob.mx\/index.php?rest_route=%2Fwp%2Fv2%2Ftags&post=15707"}],"curies":[{"name":"wp","href":"https:\/\/api.w.org\/{rel}","templated":true}]}}