{"id":15712,"date":"2026-04-07T13:40:23","date_gmt":"2026-04-07T18:40:23","guid":{"rendered":"http:\/\/monteescobedo.gob.mx\/?p=15712"},"modified":"2026-04-29T18:41:27","modified_gmt":"2026-04-29T23:41:27","slug":"400-kilos-de-tapas-para-ayuda-a-ninos-con-cancer","status":"publish","type":"post","link":"https:\/\/monteescobedo.gob.mx\/?p=15712","title":{"rendered":"400 kilos de tapas para ayuda a ni\u00f1os con c\u00e1ncer."},"content":{"rendered":"\n<p><strong><em>Monte Escobedo, Zac.-<\/em><\/strong> Por tercer a\u00f1o consecutivo, el DIF Municipal realiz\u00f3 la campa\u00f1a <a href=\"https:\/\/www.facebook.com\/hashtag\/recolectaparasonre%C3%ADr?__cft__[0]=AZbrV4uKZ2iDI92Vu7J7I5seh5vrsVf1Xd4NdSPmMZz3BiKfm4jALz5stzPURyWbMUyTDYmLkj969q39CUaM-kVStS_8ZM4YtSOLpfMa6W5EgsthWw8N8xhcjR5XjBs7aGctgSG4AvzmKoqh28ODx5ga&amp;__tn__=*NK-R\">#RecolectaParaSonre\u00edr<\/a><img decoding=\"async\" loading=\"lazy\" height=\"16\" width=\"16\" src=\"https:\/\/static.xx.fbcdn.net\/images\/emoji.php\/v9\/t29\/1\/16\/1f397.png\" alt=\"\ud83c\udf97\ufe0f\">consistente en el acopio de tapas de pl\u00e1stico a trav\u00e9s de las instituciones educativas de la cabecera, las cuales se entregan a la asociaci\u00f3n AMANC, de ayuda a ni\u00f1as y ni\u00f1os con c\u00e1ncer.<\/p>\n\n\n\n<p>Encabez\u00f3 el acto, Mar\u00eda del Carmen S\u00e1nchez Carlos, s\u00edndica municipal, acompa\u00f1ada de Lluvisela Janet Mart\u00ednez S\u00e1nchez, directora del SMDIF. Gracias a esta iniciativa, se lograron recolectar m\u00e1s de 400 kilos de tapas, superando la meta del a\u00f1o anterior con 323 kg.<\/p>\n\n\n\n<p>Agradecemos la empat\u00eda y nobleza de las ni\u00f1as, ni\u00f1os, adolescentes, j\u00f3venes, padres de familia y personal docente y operativo de todas las instituciones educativas de <a href=\"https:\/\/www.facebook.com\/hashtag\/monteescobedo?__cft__[0]=AZbrV4uKZ2iDI92Vu7J7I5seh5vrsVf1Xd4NdSPmMZz3BiKfm4jALz5stzPURyWbMUyTDYmLkj969q39CUaM-kVStS_8ZM4YtSOLpfMa6W5EgsthWw8N8xhcjR5XjBs7aGctgSG4AvzmKoqh28ODx5ga&amp;__tn__=*NK-R\">#MonteEscobedo<\/a>, por sumarse a esta noble iniciativa.<\/p>\n\n\n<div class=\"wp-block-image\">\n<figure class=\"aligncenter size-large is-resized\"><img decoding=\"async\" loading=\"lazy\" src=\"http:\/\/monteescobedo.gob.mx\/wp-content\/uploads\/2026\/04\/Recolecta-2-840x560.jpg\" alt=\"\" class=\"wp-image-15714\" width=\"630\" height=\"420\" srcset=\"https:\/\/monteescobedo.gob.mx\/wp-content\/uploads\/2026\/04\/Recolecta-2-840x560.jpg 840w, https:\/\/monteescobedo.gob.mx\/wp-content\/uploads\/2026\/04\/Recolecta-2-547x365.jpg 547w, https:\/\/monteescobedo.gob.mx\/wp-content\/uploads\/2026\/04\/Recolecta-2-768x512.jpg 768w, https:\/\/monteescobedo.gob.mx\/wp-content\/uploads\/2026\/04\/Recolecta-2-1536x1025.jpg 1536w, https:\/\/monteescobedo.gob.mx\/wp-content\/uploads\/2026\/04\/Recolecta-2.jpg 2048w\" sizes=\"(max-width: 630px) 100vw, 630px\" \/><\/figure><\/div>\n\n\n<p class=\"has-text-align-center\">\u00a1Enhorabuena! <img decoding=\"async\" loading=\"lazy\" height=\"16\" width=\"16\" alt=\"\ud83d\udc9b\" src=\"https:\/\/static.xx.fbcdn.net\/images\/emoji.php\/v9\/t15\/1\/16\/1f49b.png\"> Seguimos trabajando <a href=\"https:\/\/www.facebook.com\/hashtag\/conm%C3%A1samorpormonteescobedo?__cft__[0]=AZbrV4uKZ2iDI92Vu7J7I5seh5vrsVf1Xd4NdSPmMZz3BiKfm4jALz5stzPURyWbMUyTDYmLkj969q39CUaM-kVStS_8ZM4YtSOLpfMa6W5EgsthWw8N8xhcjR5XjBs7aGctgSG4AvzmKoqh28ODx5ga&amp;__tn__=*NK-R\">#ConM\u00e1sAmorPorMonteEscobedo<\/a><img decoding=\"async\" loading=\"lazy\" height=\"16\" width=\"16\" alt=\"\ud83d\udc9c\" src=\"https:\/\/static.xx.fbcdn.net\/images\/emoji.php\/v9\/t96\/1\/16\/1f49c.png\"><img decoding=\"async\" loading=\"lazy\" height=\"16\" width=\"16\" alt=\"\ud83e\ude77\" src=\"https:\/\/static.xx.fbcdn.net\/images\/emoji.php\/v9\/t99\/1\/16\/1fa77.png\"><\/p>\n","protected":false},"excerpt":{"rendered":"<p>Monte Escobedo, Zac.- Por tercer a\u00f1o consecutivo, el DIF Municipal realiz\u00f3 la campa\u00f1a #RecolectaParaSonre\u00edr.<\/p>\n","protected":false},"author":3,"featured_media":15713,"comment_status":"closed","ping_status":"closed","sticky":false,"template":"","format":"standard","meta":[],"categories":[1],"tags":[106],"_links":{"self":[{"href":"https:\/\/monteescobedo.gob.mx\/index.php?rest_route=\/wp\/v2\/posts\/15712"}],"collection":[{"href":"https:\/\/monteescobedo.gob.mx\/index.php?rest_route=\/wp\/v2\/posts"}],"about":[{"href":"https:\/\/monteescobedo.gob.mx\/index.php?rest_route=\/wp\/v2\/types\/post"}],"author":[{"embeddable":true,"href":"https:\/\/monteescobedo.gob.mx\/index.php?rest_route=\/wp\/v2\/users\/3"}],"replies":[{"embeddable":true,"href":"https:\/\/monteescobedo.gob.mx\/index.php?rest_route=%2Fwp%2Fv2%2Fcomments&post=15712"}],"version-history":[{"count":1,"href":"https:\/\/monteescobedo.gob.mx\/index.php?rest_route=\/wp\/v2\/posts\/15712\/revisions"}],"predecessor-version":[{"id":15715,"href":"https:\/\/monteescobedo.gob.mx\/index.php?rest_route=\/wp\/v2\/posts\/15712\/revisions\/15715"}],"wp:featuredmedia":[{"embeddable":true,"href":"https:\/\/monteescobedo.gob.mx\/index.php?rest_route=\/wp\/v2\/media\/15713"}],"wp:attachment":[{"href":"https:\/\/monteescobedo.gob.mx\/index.php?rest_route=%2Fwp%2Fv2%2Fmedia&parent=15712"}],"wp:term":[{"taxonomy":"category","embeddable":true,"href":"https:\/\/monteescobedo.gob.mx\/index.php?rest_route=%2Fwp%2Fv2%2Fcategories&post=15712"},{"taxonomy":"post_tag","embeddable":true,"href":"https:\/\/monteescobedo.gob.mx\/index.php?rest_route=%2Fwp%2Fv2%2Ftags&post=15712"}],"curies":[{"name":"wp","href":"https:\/\/api.w.org\/{rel}","templated":true}]}}